{"id":1337,"date":"2026-07-31T13:33:44","date_gmt":"2026-07-31T16:33:44","guid":{"rendered":"https:\/\/sommelierdesabores.com\/?p=1337"},"modified":"2026-07-31T13:34:12","modified_gmt":"2026-07-31T16:34:12","slug":"por-que-los-postres-tienen-final-feliz","status":"publish","type":"post","link":"https:\/\/sommelierdesabores.com\/index.php\/2026\/07\/31\/por-que-los-postres-tienen-final-feliz\/","title":{"rendered":"\ud83c\udf70\u2728 \u00bfPor qu\u00e9 los postres tienen \u201cfinal feliz\u201d?"},"content":{"rendered":"\n<p class=\"wp-block-paragraph\">(el rol emocional del dulce al cierre de una comida)<\/p>\n\n\n\n<p class=\"wp-block-paragraph\">Hay algo especial en el postre.<\/p>\n\n\n\n<p class=\"wp-block-paragraph\">Aunque ya no tengamos hambre,<\/p>\n\n\n\n<p class=\"wp-block-paragraph\">aunque la comida haya sido abundante,<\/p>\n\n\n\n<p class=\"wp-block-paragraph\">aunque el plato principal haya sido delicioso\u2026<\/p>\n\n\n\n<p class=\"wp-block-paragraph\">si aparece algo dulce, el cerebro parece decir:<\/p>\n\n\n\n<p class=\"wp-block-paragraph\">\u201cun poquito m\u00e1s s\u00ed\u201d.<\/p>\n\n\n\n<p class=\"wp-block-paragraph\">\u00bfPor qu\u00e9?<\/p>\n\n\n\n<p class=\"wp-block-paragraph\">\ud83e\udde0 1. El dulce activa recompensa<\/p>\n\n\n\n<p class=\"wp-block-paragraph\">El sabor dulce est\u00e1 asociado, desde muy temprano, con energ\u00eda disponible y placer.<\/p>\n\n\n\n<p class=\"wp-block-paragraph\">Por eso no se percibe como un sabor cualquiera:<\/p>\n\n\n\n<p class=\"wp-block-paragraph\">puede activar circuitos cerebrales vinculados con bienestar, motivaci\u00f3n y recompensa.<\/p>\n\n\n\n<p class=\"wp-block-paragraph\">\ud83d\udc49 El dulce funciona como una peque\u00f1a se\u00f1al de cierre placentero.<\/p>\n\n\n\n<p class=\"wp-block-paragraph\">\ud83c\udf7d\ufe0f 2. Cambia el clima de la comida<\/p>\n\n\n\n<p class=\"wp-block-paragraph\">Despu\u00e9s de sabores salados, grasos, \u00e1cidos o intensos, el postre trae contraste.<\/p>\n\n\n\n<p class=\"wp-block-paragraph\">Aparecen:<\/p>\n\n\n\n<p class=\"wp-block-paragraph\">\u2022 dulzor<\/p>\n\n\n\n<p class=\"wp-block-paragraph\">\u2022 suavidad<\/p>\n\n\n\n<p class=\"wp-block-paragraph\">\u2022 aromas c\u00e1lidos<\/p>\n\n\n\n<p class=\"wp-block-paragraph\">\u2022 texturas cremosas o crocantes<\/p>\n\n\n\n<p class=\"wp-block-paragraph\">\u2022 sensaci\u00f3n de pausa<\/p>\n\n\n\n<p class=\"wp-block-paragraph\">El cerebro lo interpreta como un cambio de escena.<\/p>\n\n\n\n<p class=\"wp-block-paragraph\">Como si la comida pasara del desarrollo\u2026 al desenlace.<\/p>\n\n\n\n<p class=\"wp-block-paragraph\">\ud83d\udc9b 3. Tambi\u00e9n es memoria<\/p>\n\n\n\n<p class=\"wp-block-paragraph\">El postre muchas veces est\u00e1 unido a momentos afectivos:<\/p>\n\n\n\n<p class=\"wp-block-paragraph\">\u2022 cumplea\u00f1os<\/p>\n\n\n\n<p class=\"wp-block-paragraph\">\u2022 meriendas<\/p>\n\n\n\n<p class=\"wp-block-paragraph\">\u2022 reuniones familiares<\/p>\n\n\n\n<p class=\"wp-block-paragraph\">\u2022 celebraciones<\/p>\n\n\n\n<p class=\"wp-block-paragraph\">\u2022 premios de la infancia<\/p>\n\n\n\n<p class=\"wp-block-paragraph\">Por eso, a veces, no buscamos solo az\u00facar.<\/p>\n\n\n\n<p class=\"wp-block-paragraph\">Buscamos una emoci\u00f3n conocida.<\/p>\n\n\n\n<p class=\"wp-block-paragraph\">\ud83c\udfad 4. El \u201cfinal feliz\u201d no es solo sabor<\/p>\n\n\n\n<p class=\"wp-block-paragraph\">El postre cierra una experiencia.<\/p>\n\n\n\n<p class=\"wp-block-paragraph\">No alimenta solo el cuerpo:<\/p>\n\n\n\n<p class=\"wp-block-paragraph\">tambi\u00e9n ordena emocionalmente la comida.<\/p>\n\n\n\n<p class=\"wp-block-paragraph\">Dice:<\/p>\n\n\n\n<p class=\"wp-block-paragraph\">\u201cterminamos bien\u201d.<\/p>\n\n\n\n<p class=\"wp-block-paragraph\">Y ese gesto, aunque peque\u00f1o, puede transformar el recuerdo de toda la mesa.<\/p>\n\n\n\n<p class=\"wp-block-paragraph\">\u2728 Quiz\u00e1s por eso el postre llega al final.<\/p>\n\n\n\n<p class=\"wp-block-paragraph\">No solo para sumar dulzor,<\/p>\n\n\n\n<p class=\"wp-block-paragraph\">sino para dejar una \u00faltima huella emocional.<\/p>\n\n\n\n<p class=\"wp-block-paragraph\">Porque a veces, el \u00faltimo sabor no es el m\u00e1s necesario\u2026<\/p>\n\n\n\n<p class=\"wp-block-paragraph\">pero s\u00ed el m\u00e1s recordado. \ud83c\udf70\ud83d\udc9b<\/p>\n\n\n\n<p class=\"wp-block-paragraph\"><\/p>\n","protected":false},"excerpt":{"rendered":"<p>(el rol emocional del dulce al cierre de una comida) Hay algo especial en el postre. Aunque ya no tengamos hambre, aunque la comida haya sido abundante, aunque el plato principal haya sido delicioso\u2026 si aparece algo dulce, el cerebro parece decir: \u201cun poquito m\u00e1s s\u00ed\u201d. \u00bfPor qu\u00e9? \ud83e\udde0 1. El dulce activa recompensa El sabor dulce est\u00e1 asociado, desde muy temprano, con energ\u00eda disponible y placer. Por eso no se percibe como un sabor cualquiera: puede activar circuitos cerebrales vinculados con bienestar, motivaci\u00f3n y recompensa. \ud83d\udc49 El dulce funciona como una peque\u00f1a se\u00f1al de cierre placentero. \ud83c\udf7d\ufe0f 2. Cambia el clima de la comida Despu\u00e9s de sabores salados, grasos, \u00e1cidos o intensos, el postre trae contraste. Aparecen: \u2022 dulzor \u2022 suavidad \u2022 aromas c\u00e1lidos \u2022 texturas cremosas o crocantes \u2022 sensaci\u00f3n de pausa El cerebro lo interpreta como un cambio de escena. Como si la comida pasara del desarrollo\u2026 al desenlace. \ud83d\udc9b 3. Tambi\u00e9n es memoria El postre muchas veces est\u00e1 unido a momentos afectivos: \u2022 cumplea\u00f1os \u2022 meriendas \u2022 reuniones familiares \u2022 celebraciones \u2022 premios de la infancia Por eso, a veces, no buscamos solo az\u00facar. Buscamos una emoci\u00f3n conocida. \ud83c\udfad 4. El \u201cfinal feliz\u201d no es solo sabor El postre cierra una experiencia. No alimenta solo el cuerpo: tambi\u00e9n ordena emocionalmente la comida. Dice: \u201cterminamos bien\u201d. Y ese gesto, aunque peque\u00f1o, puede transformar el recuerdo de toda la mesa. \u2728 Quiz\u00e1s por eso el postre llega al final. No solo para sumar dulzor, sino para dejar una \u00faltima huella emocional. Porque a veces, el \u00faltimo sabor no es el m\u00e1s necesario\u2026 pero s\u00ed el m\u00e1s recordado. \ud83c\udf70\ud83d\udc9b<\/p>\n","protected":false},"author":1,"featured_media":1338,"comment_status":"open","ping_status":"open","sticky":false,"template":"","format":"standard","meta":{"_joinchat":[],"footnotes":""},"categories":[1],"tags":[63,494,479,279,117],"class_list":["post-1337","post","type-post","status-publish","format-standard","has-post-thumbnail","hentry","category-novedades","tag-ciencia-del-sabor","tag-food-science","tag-gastronomia-sensorial","tag-neurogastronomia","tag-percepcion-del-sabor"],"featured_image_src":"https:\/\/sommelierdesabores.com\/wp-content\/uploads\/2026\/07\/postre-final-feliz-656x456.png","date_formated":"31 July, 2026","_links":{"self":[{"href":"https:\/\/sommelierdesabores.com\/index.php\/wp-json\/wp\/v2\/posts\/1337","targetHints":{"allow":["GET"]}}],"collection":[{"href":"https:\/\/sommelierdesabores.com\/index.php\/wp-json\/wp\/v2\/posts"}],"about":[{"href":"https:\/\/sommelierdesabores.com\/index.php\/wp-json\/wp\/v2\/types\/post"}],"author":[{"embeddable":true,"href":"https:\/\/sommelierdesabores.com\/index.php\/wp-json\/wp\/v2\/users\/1"}],"replies":[{"embeddable":true,"href":"https:\/\/sommelierdesabores.com\/index.php\/wp-json\/wp\/v2\/comments?post=1337"}],"version-history":[{"count":1,"href":"https:\/\/sommelierdesabores.com\/index.php\/wp-json\/wp\/v2\/posts\/1337\/revisions"}],"predecessor-version":[{"id":1339,"href":"https:\/\/sommelierdesabores.com\/index.php\/wp-json\/wp\/v2\/posts\/1337\/revisions\/1339"}],"wp:featuredmedia":[{"embeddable":true,"href":"https:\/\/sommelierdesabores.com\/index.php\/wp-json\/wp\/v2\/media\/1338"}],"wp:attachment":[{"href":"https:\/\/sommelierdesabores.com\/index.php\/wp-json\/wp\/v2\/media?parent=1337"}],"wp:term":[{"taxonomy":"category","embeddable":true,"href":"https:\/\/sommelierdesabores.com\/index.php\/wp-json\/wp\/v2\/categories?post=1337"},{"taxonomy":"post_tag","embeddable":true,"href":"https:\/\/sommelierdesabores.com\/index.php\/wp-json\/wp\/v2\/tags?post=1337"}],"curies":[{"name":"wp","href":"https:\/\/api.w.org\/{rel}","templated":true}]}}