{"id":1107,"date":"2025-07-18T13:02:47","date_gmt":"2025-07-18T16:02:47","guid":{"rendered":"https:\/\/sommelierdesabores.com\/?p=1107"},"modified":"2025-07-18T13:03:09","modified_gmt":"2025-07-18T16:03:09","slug":"por-que-los-sabores-son-mas-intensos-en-invierno","status":"publish","type":"post","link":"https:\/\/sommelierdesabores.com\/index.php\/2025\/07\/18\/por-que-los-sabores-son-mas-intensos-en-invierno\/","title":{"rendered":"\u2744\ufe0f\ud83c\udf72 \u00bfPor qu\u00e9 los sabores son m\u00e1s intensos en invierno? \u2615\ufe0f\ud83d\udd25"},"content":{"rendered":"\n<p><\/p>\n\n\n\n<p>Cuando llega el fr\u00edo, nuestro cuerpo busca sensaciones c\u00e1lidas, sabores reconfortantes y aromas profundos que nos brinden bienestar. Pero, \u00bfsab\u00edas que nuestra percepci\u00f3n del sabor cambia con la temperatura ambiental?<\/p>\n\n\n\n<p>\ud83e\udde0 El invierno activa tus sentidos (cuando no estamos resfriados \ud83e\udd23):<\/p>\n\n\n\n<p>El fr\u00edo intensifica la sensibilidad del olfato y del gusto, haciendo que percibamos m\u00e1s profundamente aromas y sabores.<\/p>\n\n\n\n<p>Sabores como el dulce, especiado o ahumado se vuelven particularmente irresistibles, ya que evocan calidez y protecci\u00f3n.<\/p>\n\n\n\n<p>\u2615\ufe0f Sabores que amamos en invierno:<\/p>\n\n\n\n<p>Un chocolate caliente o un t\u00e9 especiado que reconforta y activa nuestros sentidos.<\/p>\n\n\n\n<p>Guisos y sopas con notas profundas de umami, brindando una sensaci\u00f3n de calidez interior.<\/p>\n\n\n\n<p>Sabores dulces intensos como canela, vainilla y miel, que nos ofrecen energ\u00eda y confort emocional.<\/p>\n\n\n\n<p>\ud83d\udd25 La memoria sensorial del fr\u00edo:<\/p>\n\n\n\n<p>En invierno, ciertos aromas nos transportan inmediatamente a recuerdos felices: reuniones familiares, tardes tranquilas o momentos junto al fuego. Por eso, durante esta estaci\u00f3n, los sabores no solo se sienten m\u00e1s intensos; tambi\u00e9n evocan emociones profundas y memorables.<\/p>\n\n\n\n<p>Desde Lel\u00ea Escuela Sommelier de Sabores, te invitamos a disfrutar y explorar los sabores invernales con plena conciencia, aprovechando la sensibilidad que nos brinda esta temporada.<\/p>\n\n\n\n<p>\u2728 Y a vos, \u00bfqu\u00e9 sabor te reconforta en invierno? \u00a1Contanos! \ud83d\udc47<\/p>\n\n\n\n<p><\/p>\n","protected":false},"excerpt":{"rendered":"<p>Cuando llega el fr\u00edo, nuestro cuerpo busca sensaciones c\u00e1lidas, sabores reconfortantes y aromas profundos que nos brinden bienestar. Pero, \u00bfsab\u00edas que nuestra percepci\u00f3n del sabor cambia con la temperatura ambiental? \ud83e\udde0 El invierno activa tus sentidos (cuando no estamos resfriados \ud83e\udd23): El fr\u00edo intensifica la sensibilidad del olfato y del gusto, haciendo que percibamos m\u00e1s profundamente aromas y sabores. Sabores como el dulce, especiado o ahumado se vuelven particularmente irresistibles, ya que evocan calidez y protecci\u00f3n. \u2615\ufe0f Sabores que amamos en invierno: Un chocolate caliente o un t\u00e9 especiado que reconforta y activa nuestros sentidos. Guisos y sopas con notas profundas de umami, brindando una sensaci\u00f3n de calidez interior. Sabores dulces intensos como canela, vainilla y miel, que nos ofrecen energ\u00eda y confort emocional. \ud83d\udd25 La memoria sensorial del fr\u00edo: En invierno, ciertos aromas nos transportan inmediatamente a recuerdos felices: reuniones familiares, tardes tranquilas o momentos junto al fuego. Por eso, durante esta estaci\u00f3n, los sabores no solo se sienten m\u00e1s intensos; tambi\u00e9n evocan emociones profundas y memorables. Desde Lel\u00ea Escuela Sommelier de Sabores, te invitamos a disfrutar y explorar los sabores invernales con plena conciencia, aprovechando la sensibilidad que nos brinda esta temporada. \u2728 Y a vos, \u00bfqu\u00e9 sabor te reconforta en invierno? \u00a1Contanos! \ud83d\udc47<\/p>\n","protected":false},"author":1,"featured_media":1108,"comment_status":"open","ping_status":"open","sticky":false,"template":"","format":"standard","meta":{"_joinchat":[],"footnotes":""},"categories":[1],"tags":[63,454,401,453],"featured_image_src":"https:\/\/sommelierdesabores.com\/wp-content\/uploads\/2025\/07\/sabores-de-invierno_Mesa-de-trabajo-1-656x456.png","date_formated":"18 July, 2025","_links":{"self":[{"href":"https:\/\/sommelierdesabores.com\/index.php\/wp-json\/wp\/v2\/posts\/1107"}],"collection":[{"href":"https:\/\/sommelierdesabores.com\/index.php\/wp-json\/wp\/v2\/posts"}],"about":[{"href":"https:\/\/sommelierdesabores.com\/index.php\/wp-json\/wp\/v2\/types\/post"}],"author":[{"embeddable":true,"href":"https:\/\/sommelierdesabores.com\/index.php\/wp-json\/wp\/v2\/users\/1"}],"replies":[{"embeddable":true,"href":"https:\/\/sommelierdesabores.com\/index.php\/wp-json\/wp\/v2\/comments?post=1107"}],"version-history":[{"count":1,"href":"https:\/\/sommelierdesabores.com\/index.php\/wp-json\/wp\/v2\/posts\/1107\/revisions"}],"predecessor-version":[{"id":1109,"href":"https:\/\/sommelierdesabores.com\/index.php\/wp-json\/wp\/v2\/posts\/1107\/revisions\/1109"}],"wp:featuredmedia":[{"embeddable":true,"href":"https:\/\/sommelierdesabores.com\/index.php\/wp-json\/wp\/v2\/media\/1108"}],"wp:attachment":[{"href":"https:\/\/sommelierdesabores.com\/index.php\/wp-json\/wp\/v2\/media?parent=1107"}],"wp:term":[{"taxonomy":"category","embeddable":true,"href":"https:\/\/sommelierdesabores.com\/index.php\/wp-json\/wp\/v2\/categories?post=1107"},{"taxonomy":"post_tag","embeddable":true,"href":"https:\/\/sommelierdesabores.com\/index.php\/wp-json\/wp\/v2\/tags?post=1107"}],"curies":[{"name":"wp","href":"https:\/\/api.w.org\/{rel}","templated":true}]}}